{"id":179,"date":"2025-07-14T17:12:26","date_gmt":"2025-07-14T15:12:26","guid":{"rendered":"https:\/\/cancellariacanonica.pl\/blog\/?p=179"},"modified":"2025-08-06T12:46:53","modified_gmt":"2025-08-06T10:46:53","slug":"czy-zbyt-mocne-uzaleznienie-od-rodzicow-moze-byc-powodem-stwierdzenia-niewaznosci-malzenstwa-5","status":"publish","type":"post","link":"https:\/\/cancellariacanonica.pl\/blog\/czy-zbyt-mocne-uzaleznienie-od-rodzicow-moze-byc-powodem-stwierdzenia-niewaznosci-malzenstwa-5\/","title":{"rendered":"Odrzucenie skargi powodowej spowodowany brakiem podstaw faktycznych"},"content":{"rendered":"\n<p>Zdarza si\u0119, \u017ce z\u0142o\u017cona skarga powodowa zawiera braki. W przypadku brak\u00f3w formalnych s\u0105d zwykle wzywa stron\u0119 do ich uzupe\u0142nienia okre\u015blaj\u0105c na to odpowiedni termin. W przypadku za\u015b odrzucenia skargi z powodu brak\u00f3w podstaw faktycznych sytuacja wygl\u0105da nieco inaczej.<\/p>\n\n\n\n<div style=\"height:20px\" aria-hidden=\"true\" class=\"wp-block-spacer\"><\/div>\n\n\n\n<div style=\"height:20px\" aria-hidden=\"true\" class=\"wp-block-spacer\"><\/div>\n\n\n\n<h5 class=\"wp-block-heading\">Wymogi prawne dotycz\u0105ce skargi powodowej<\/h5>\n\n\n\n<p>Najwy\u017cszy Prawodawca Ko\u015bcio\u0142a i Wikariusz Jezusa Chrystusa stanowi\u0105c prawo postanowi\u0142, \u017ce \u201eskarga, przez kt\u00f3r\u0105 zaczyna si\u0119 sp\u00f3r, winna: wskazywa\u0107 na jakim uprawnieniu opiera si\u0119 pow\u00f3d, i <strong>podawa\u0107 przynajmniej og\u00f3lnie fakty i dowody na poparcie roszcze\u0144<\/strong>\u201d (kan. 1504, 2\u00b0 KPK), a ponadto, \u017ce \u201eSkarg\u0119 powodow\u0105 mo\u017cna odrzuci\u0107 wy\u0142\u0105cznie: je\u017celi z samej skargi powodowej jasno wynika, \u017ce <strong>roszczenie jest pozbawione jakiejkolwiek podstawy i nie mo\u017ce si\u0119 zdarzy\u0107, by w trakcie procesu jaka\u015b podstawa si\u0119 ujawni\u0142a<\/strong>\u201d (kan. 1505 \u00a72, 4\u00b0 KPK).<\/p>\n\n\n\n<div style=\"height:20px\" aria-hidden=\"true\" class=\"wp-block-spacer\"><\/div>\n\n\n\n<p>Nie inaczej kwestie odrzucenia skargi rozstrzyga Papieska Rada ds. Tekst\u00f3w Prawnych: \u201eSkarga powodowa, przez kt\u00f3r\u0105 zaczyna si\u0119 spraw\u0119, powinna: wskazywa\u0107, <strong>przynajmniej og\u00f3lnie, fakty i dowody, na kt\u00f3rych opiera pow\u00f3d roszczenie<\/strong>\u201d (art. 116 \u00a71, 3\u00b0 DC) i dalej: \u201eSkarg\u0119 powodow\u0105 mo\u017cna odrzuci\u0107 wy\u0142\u0105cznie: je\u017celi <strong>roszczenie jest pozbawione jakiejkolwiek podstawy i nie mo\u017ce si\u0119 zdarzy\u0107, by w trakcie procesu jaka\u015b podstawa si\u0119 ujawni\u0142a<\/strong>\u201d (art. 121 \u00a71, 4\u00b0 DC).<\/p>\n\n\n\n<div style=\"height:20px\" aria-hidden=\"true\" class=\"wp-block-spacer\"><\/div>\n\n\n\n<div style=\"height:20px\" aria-hidden=\"true\" class=\"wp-block-spacer\"><\/div>\n\n\n\n<blockquote class=\"wp-block-quote is-layout-flow wp-block-quote-is-layout-flow\"><p>Innymi s\u0142owy przepisy prawa kanonicznego wymagaj\u0105 od strony powodowej, by ta przynajmniej og\u00f3lnie wskaza\u0142a fakty i dowody, na kt\u00f3rych opiera swoje roszczenie.<\/p><\/blockquote>\n\n\n\n<div style=\"height:20px\" aria-hidden=\"true\" class=\"wp-block-spacer\"><\/div>\n\n\n\n<div style=\"height:20px\" aria-hidden=\"true\" class=\"wp-block-spacer\"><\/div>\n\n\n\n<p>W tym kontek\u015bcie warte przytoczenia s\u0105 s\u0142owa c. Molendys zawarte w dekrecie nakazuj\u0105cym przyj\u0119cie skargi, kt\u00f3ra wcze\u015bniej zosta\u0142a odrzucona z powodu rzekomego niewskazania fakt\u00f3w, na kt\u00f3rych strona powodowa opiera\u0142a swoje roszczenie: \u201eZgodnie z prawem, w skardze powodowej \u00bb<em>niekoniecznie w s\u0142owach precyzyjnie technicznych<\/em>\u00ab nale\u017cy okre\u015bli\u0107 przedmiot sporu i podstawy, a \u00bb<em>fakty i dowody<\/em>\u00ab maj\u0105 by\u0107 jedynie wskazane, co wi\u0119cej &#8211; \u00bb<em>przynajmniej og\u00f3lnie<\/em>\u00ab &#8211; art. 116, \u00a71, 2-3\u00b0 Instrukcji procesowej <em>Dignitas connubii<\/em>. [&#8230;] W fazie przedprocesowej hipoteza bowiem \u2013 a nie teza \u2013 jest elementem konstytutywnym formu\u0142y sporu, skoro przedmiot sporu ustala si\u0119 w formie pytania. Przedstawione w skardze powodowej fakty i dowody zawieraj\u0105 \u00bb<em>przynajmniej poz\u00f3r zasadno\u015bci roszczenia<\/em>\u00ab Petenta &#8211; \u00bb<em>fumus boni iuris<\/em>\u00ab &#8211; a tym samym nie pozwalaj\u0105 na odrzucenie skargi &#8211; \u00bb<em>Kodeks Prawa Kanonicznego. Komentarz<\/em>\u00ab, red. Majer P., Krak\u00f3w 2011, s. 1133. Faktyczne dowodzenie odbywa\u0107 si\u0119 mo\u017ce jedynie w fazie procesowej. [&#8230;] roszczenie Pana A.K. powinno by\u0107 rozpatrywane raczej w kontek\u015bcie zaistnienia takiej okoliczno\u015bci, kt\u00f3ra spowodowa\u0142aby mo\u017cliwo\u015b\u0107 odrzucenia skargi, a nie w kontek\u015bcie szans na pozytywny wyrok \u2013 Stawniak H., \u00bbWprowadzenie sprawy\u00ab, w: \u00bbKomentarz do Instrukcji Procesowej &lt;Dignitas connubii&gt;\u00ab, red. Rozkrut T., Sandomierz 2007, s. 188.\u201d (Dekret S\u0105du Metropolitalnego w Krakowie, przyjmuj\u0105cy skarg\u0119 do procesu po pierwotnym jej odrzuceniu przez S\u0105d Metropolitalny w Katowicach, w sprawie K. \u2013 J., nr sprawy: N-88\/2017).<\/p>\n\n\n\n<div style=\"height:20px\" aria-hidden=\"true\" class=\"wp-block-spacer\"><\/div>\n\n\n\n<p>Warto odnotowa\u0107, \u017ce sprawa ta, mimo pierwotnego odrzucenia skargi powodowej z powodu rzekomego braku podstaw faktycznych, zosta\u0142a rozstrzygni\u0119ta wyrokiem stwierdzaj\u0105cym niewa\u017cno\u015b\u0107 ma\u0142\u017ce\u0144stwa.<\/p>\n\n\n\n<div style=\"height:20px\" aria-hidden=\"true\" class=\"wp-block-spacer\"><\/div>\n\n\n\n<div style=\"height:20px\" aria-hidden=\"true\" class=\"wp-block-spacer\"><\/div>\n\n\n\n<h5 class=\"wp-block-heading\">Co robi\u0107, gdy skarga zostanie odrzucona<\/h5>\n\n\n\n<p>W sytuacji odrzucenia skargi <a href=\"https:\/\/cancellariacanonica.pl\/blog\/zdrada-malzenska-jako-powod-stwierdzenia-niewaznosci-malzenstwa-koscielnego\/\">powodowej z powodu<\/a> braku podstaw faktycznych mo\u017cna, zgodnie z przepisami prawa kanonicznego, <strong>wnie\u015b\u0107 rekurs do s\u0105du apelacyjnego<\/strong>. W rekursie, powt\u00f3rnie przytaczaj\u0105c podstawy faktyczne ze skargi, nale\u017cy wskaza\u0107, co znakomicie uj\u0105\u0142 prof. Stawniak, \u017ce roszczenie strony powodowej powinno by\u0107 rozpatrywane raczej w kontek\u015bcie zaistnienia takiej okoliczno\u015bci, kt\u00f3ra spowodowa\u0142aby mo\u017cliwo\u015b\u0107 odrzucenia skargi, a nie w kontek\u015bcie szans na pozytywny wyrok. Tym bardziej, \u017ce zdarzaj\u0105 si\u0119 przypadki uzyskiwania wyroku <em>pro nullitate <\/em>mimo pierwotnego odrzucenia skargi z powodu rzekomego braku podstaw faktycznych. Oficja\u0142 w fazie przyjmowania skargi nie ma bowiem za zadanie opiniowa\u0107 szans powodzenia sprawy i si\u0142y argument\u00f3w przytoczonych w skardze, lecz stwierdzi\u0107, czy skarga spe\u0142nia wymogi formalne.<\/p>\n","protected":false},"excerpt":{"rendered":"<p>Zdarza si\u0119, \u017ce z\u0142o\u017cona skarga powodowa zawiera braki. W przypadku brak\u00f3w formalnych s\u0105d zwykle wzywa stron\u0119 do ich uzupe\u0142nienia okre\u015blaj\u0105c na to odpowiedni termin. W [&hellip;]<\/p>\n","protected":false},"author":1,"featured_media":189,"comment_status":"open","ping_status":"open","sticky":false,"template":"","format":"standard","meta":{"footnotes":""},"categories":[19,11],"tags":[],"class_list":["post-179","post","type-post","status-publish","format-standard","has-post-thumbnail","hentry","category-apelacja","category-jak-rozpoczac-proces"],"yoast_head":"<!-- This site is optimized with the Yoast SEO plugin v21.5 - https:\/\/yoast.com\/wordpress\/plugins\/seo\/ -->\n<title>Odrzucenie skargi powodowej spowodowany brakiem podstaw faktycznych - tzw. &quot;Rozw\u00f3d ko\u015bcielny&quot;<\/title>\n<meta name=\"robots\" content=\"index, follow, max-snippet:-1, max-image-preview:large, max-video-preview:-1\" \/>\n<link rel=\"canonical\" href=\"https:\/\/cancellariacanonica.pl\/blog\/czy-zbyt-mocne-uzaleznienie-od-rodzicow-moze-byc-powodem-stwierdzenia-niewaznosci-malzenstwa-5\/\" \/>\n<meta property=\"og:locale\" content=\"pl_PL\" \/>\n<meta property=\"og:type\" content=\"article\" \/>\n<meta property=\"og:title\" content=\"Odrzucenie skargi powodowej spowodowany brakiem podstaw faktycznych - tzw. &quot;Rozw\u00f3d ko\u015bcielny&quot;\" \/>\n<meta property=\"og:description\" content=\"Zdarza si\u0119, \u017ce z\u0142o\u017cona skarga powodowa zawiera braki. W przypadku brak\u00f3w formalnych s\u0105d zwykle wzywa stron\u0119 do ich uzupe\u0142nienia okre\u015blaj\u0105c na to odpowiedni termin. W [&hellip;]\" \/>\n<meta property=\"og:url\" content=\"https:\/\/cancellariacanonica.pl\/blog\/czy-zbyt-mocne-uzaleznienie-od-rodzicow-moze-byc-powodem-stwierdzenia-niewaznosci-malzenstwa-5\/\" \/>\n<meta property=\"og:site_name\" content=\"Kancelaria Kanoniczna\" \/>\n<meta property=\"article:published_time\" content=\"2025-07-14T15:12:26+00:00\" \/>\n<meta property=\"article:modified_time\" content=\"2025-08-06T10:46:53+00:00\" \/>\n<meta property=\"og:image\" content=\"https:\/\/cancellariacanonica.pl\/blog\/wp-content\/uploads\/2021\/10\/57d50011-5e02-4f5f-b9e1-95f15aadfe86-kopia.jpg\" \/>\n\t<meta property=\"og:image:width\" content=\"1200\" \/>\n\t<meta property=\"og:image:height\" content=\"709\" \/>\n\t<meta property=\"og:image:type\" content=\"image\/jpeg\" \/>\n<meta name=\"author\" content=\"Can2020caN\" \/>\n<meta name=\"twitter:card\" content=\"summary_large_image\" \/>\n<meta name=\"twitter:label1\" content=\"Napisane przez\" \/>\n\t<meta name=\"twitter:data1\" content=\"Can2020caN\" \/>\n\t<meta name=\"twitter:label2\" content=\"Szacowany czas czytania\" \/>\n\t<meta name=\"twitter:data2\" content=\"3 minuty\" \/>\n<script type=\"application\/ld+json\" class=\"yoast-schema-graph\">{\"@context\":\"https:\/\/schema.org\",\"@graph\":[{\"@type\":\"WebPage\",\"@id\":\"https:\/\/cancellariacanonica.pl\/blog\/czy-zbyt-mocne-uzaleznienie-od-rodzicow-moze-byc-powodem-stwierdzenia-niewaznosci-malzenstwa-5\/\",\"url\":\"https:\/\/cancellariacanonica.pl\/blog\/czy-zbyt-mocne-uzaleznienie-od-rodzicow-moze-byc-powodem-stwierdzenia-niewaznosci-malzenstwa-5\/\",\"name\":\"Odrzucenie skargi powodowej spowodowany brakiem podstaw faktycznych - tzw. \\\"Rozw\u00f3d ko\u015bcielny\\\"\",\"isPartOf\":{\"@id\":\"https:\/\/cancellariacanonica.pl\/blog\/#website\"},\"datePublished\":\"2025-07-14T15:12:26+00:00\",\"dateModified\":\"2025-08-06T10:46:53+00:00\",\"author\":{\"@id\":\"https:\/\/cancellariacanonica.pl\/blog\/#\/schema\/person\/b4b1cfacfd692e313ee5974d31267993\"},\"breadcrumb\":{\"@id\":\"https:\/\/cancellariacanonica.pl\/blog\/czy-zbyt-mocne-uzaleznienie-od-rodzicow-moze-byc-powodem-stwierdzenia-niewaznosci-malzenstwa-5\/#breadcrumb\"},\"inLanguage\":\"pl-PL\",\"potentialAction\":[{\"@type\":\"ReadAction\",\"target\":[\"https:\/\/cancellariacanonica.pl\/blog\/czy-zbyt-mocne-uzaleznienie-od-rodzicow-moze-byc-powodem-stwierdzenia-niewaznosci-malzenstwa-5\/\"]}]},{\"@type\":\"BreadcrumbList\",\"@id\":\"https:\/\/cancellariacanonica.pl\/blog\/czy-zbyt-mocne-uzaleznienie-od-rodzicow-moze-byc-powodem-stwierdzenia-niewaznosci-malzenstwa-5\/#breadcrumb\",\"itemListElement\":[{\"@type\":\"ListItem\",\"position\":1,\"name\":\"Home\",\"item\":\"https:\/\/cancellariacanonica.pl\/blog\/\"},{\"@type\":\"ListItem\",\"position\":2,\"name\":\"Odrzucenie skargi powodowej spowodowany brakiem podstaw faktycznych\"}]},{\"@type\":\"WebSite\",\"@id\":\"https:\/\/cancellariacanonica.pl\/blog\/#website\",\"url\":\"https:\/\/cancellariacanonica.pl\/blog\/\",\"name\":\"Kancelaria Kanoniczna - tzw. \\\"Rozw\u00f3d ko\u015bcielny\\\"\",\"description\":\"Adwokat Rozwodowy Ko\u015bcierzyna\",\"potentialAction\":[{\"@type\":\"SearchAction\",\"target\":{\"@type\":\"EntryPoint\",\"urlTemplate\":\"https:\/\/cancellariacanonica.pl\/blog\/?s={search_term_string}\"},\"query-input\":\"required name=search_term_string\"}],\"inLanguage\":\"pl-PL\"},{\"@type\":\"Person\",\"@id\":\"https:\/\/cancellariacanonica.pl\/blog\/#\/schema\/person\/b4b1cfacfd692e313ee5974d31267993\",\"name\":\"Can2020caN\",\"image\":{\"@type\":\"ImageObject\",\"inLanguage\":\"pl-PL\",\"@id\":\"https:\/\/cancellariacanonica.pl\/blog\/#\/schema\/person\/image\/\",\"url\":\"https:\/\/secure.gravatar.com\/avatar\/9f02a270e87b93adf2ae4bf0cad80582d35bc30763ed50796688240797b07a90?s=96&d=mm&r=g\",\"contentUrl\":\"https:\/\/secure.gravatar.com\/avatar\/9f02a270e87b93adf2ae4bf0cad80582d35bc30763ed50796688240797b07a90?s=96&d=mm&r=g\",\"caption\":\"Can2020caN\"},\"sameAs\":[\"https:\/\/cancellariacanonica.pl\/blog\"],\"url\":\"https:\/\/cancellariacanonica.pl\/blog\/author\/can2020can\/\"}]}<\/script>\n<!-- \/ Yoast SEO plugin. -->","yoast_head_json":{"title":"Odrzucenie skargi powodowej spowodowany brakiem podstaw faktycznych - tzw. \"Rozw\u00f3d ko\u015bcielny\"","robots":{"index":"index","follow":"follow","max-snippet":"max-snippet:-1","max-image-preview":"max-image-preview:large","max-video-preview":"max-video-preview:-1"},"canonical":"https:\/\/cancellariacanonica.pl\/blog\/czy-zbyt-mocne-uzaleznienie-od-rodzicow-moze-byc-powodem-stwierdzenia-niewaznosci-malzenstwa-5\/","og_locale":"pl_PL","og_type":"article","og_title":"Odrzucenie skargi powodowej spowodowany brakiem podstaw faktycznych - tzw. \"Rozw\u00f3d ko\u015bcielny\"","og_description":"Zdarza si\u0119, \u017ce z\u0142o\u017cona skarga powodowa zawiera braki. W przypadku brak\u00f3w formalnych s\u0105d zwykle wzywa stron\u0119 do ich uzupe\u0142nienia okre\u015blaj\u0105c na to odpowiedni termin. W [&hellip;]","og_url":"https:\/\/cancellariacanonica.pl\/blog\/czy-zbyt-mocne-uzaleznienie-od-rodzicow-moze-byc-powodem-stwierdzenia-niewaznosci-malzenstwa-5\/","og_site_name":"Kancelaria Kanoniczna","article_published_time":"2025-07-14T15:12:26+00:00","article_modified_time":"2025-08-06T10:46:53+00:00","og_image":[{"width":1200,"height":709,"url":"https:\/\/cancellariacanonica.pl\/blog\/wp-content\/uploads\/2021\/10\/57d50011-5e02-4f5f-b9e1-95f15aadfe86-kopia.jpg","type":"image\/jpeg"}],"author":"Can2020caN","twitter_card":"summary_large_image","twitter_misc":{"Napisane przez":"Can2020caN","Szacowany czas czytania":"3 minuty"},"schema":{"@context":"https:\/\/schema.org","@graph":[{"@type":"WebPage","@id":"https:\/\/cancellariacanonica.pl\/blog\/czy-zbyt-mocne-uzaleznienie-od-rodzicow-moze-byc-powodem-stwierdzenia-niewaznosci-malzenstwa-5\/","url":"https:\/\/cancellariacanonica.pl\/blog\/czy-zbyt-mocne-uzaleznienie-od-rodzicow-moze-byc-powodem-stwierdzenia-niewaznosci-malzenstwa-5\/","name":"Odrzucenie skargi powodowej spowodowany brakiem podstaw faktycznych - tzw. \"Rozw\u00f3d ko\u015bcielny\"","isPartOf":{"@id":"https:\/\/cancellariacanonica.pl\/blog\/#website"},"datePublished":"2025-07-14T15:12:26+00:00","dateModified":"2025-08-06T10:46:53+00:00","author":{"@id":"https:\/\/cancellariacanonica.pl\/blog\/#\/schema\/person\/b4b1cfacfd692e313ee5974d31267993"},"breadcrumb":{"@id":"https:\/\/cancellariacanonica.pl\/blog\/czy-zbyt-mocne-uzaleznienie-od-rodzicow-moze-byc-powodem-stwierdzenia-niewaznosci-malzenstwa-5\/#breadcrumb"},"inLanguage":"pl-PL","potentialAction":[{"@type":"ReadAction","target":["https:\/\/cancellariacanonica.pl\/blog\/czy-zbyt-mocne-uzaleznienie-od-rodzicow-moze-byc-powodem-stwierdzenia-niewaznosci-malzenstwa-5\/"]}]},{"@type":"BreadcrumbList","@id":"https:\/\/cancellariacanonica.pl\/blog\/czy-zbyt-mocne-uzaleznienie-od-rodzicow-moze-byc-powodem-stwierdzenia-niewaznosci-malzenstwa-5\/#breadcrumb","itemListElement":[{"@type":"ListItem","position":1,"name":"Home","item":"https:\/\/cancellariacanonica.pl\/blog\/"},{"@type":"ListItem","position":2,"name":"Odrzucenie skargi powodowej spowodowany brakiem podstaw faktycznych"}]},{"@type":"WebSite","@id":"https:\/\/cancellariacanonica.pl\/blog\/#website","url":"https:\/\/cancellariacanonica.pl\/blog\/","name":"Kancelaria Kanoniczna - tzw. \"Rozw\u00f3d ko\u015bcielny\"","description":"Adwokat Rozwodowy Ko\u015bcierzyna","potentialAction":[{"@type":"SearchAction","target":{"@type":"EntryPoint","urlTemplate":"https:\/\/cancellariacanonica.pl\/blog\/?s={search_term_string}"},"query-input":"required name=search_term_string"}],"inLanguage":"pl-PL"},{"@type":"Person","@id":"https:\/\/cancellariacanonica.pl\/blog\/#\/schema\/person\/b4b1cfacfd692e313ee5974d31267993","name":"Can2020caN","image":{"@type":"ImageObject","inLanguage":"pl-PL","@id":"https:\/\/cancellariacanonica.pl\/blog\/#\/schema\/person\/image\/","url":"https:\/\/secure.gravatar.com\/avatar\/9f02a270e87b93adf2ae4bf0cad80582d35bc30763ed50796688240797b07a90?s=96&d=mm&r=g","contentUrl":"https:\/\/secure.gravatar.com\/avatar\/9f02a270e87b93adf2ae4bf0cad80582d35bc30763ed50796688240797b07a90?s=96&d=mm&r=g","caption":"Can2020caN"},"sameAs":["https:\/\/cancellariacanonica.pl\/blog"],"url":"https:\/\/cancellariacanonica.pl\/blog\/author\/can2020can\/"}]}},"_links":{"self":[{"href":"https:\/\/cancellariacanonica.pl\/blog\/wp-json\/wp\/v2\/posts\/179","targetHints":{"allow":["GET"]}}],"collection":[{"href":"https:\/\/cancellariacanonica.pl\/blog\/wp-json\/wp\/v2\/posts"}],"about":[{"href":"https:\/\/cancellariacanonica.pl\/blog\/wp-json\/wp\/v2\/types\/post"}],"author":[{"embeddable":true,"href":"https:\/\/cancellariacanonica.pl\/blog\/wp-json\/wp\/v2\/users\/1"}],"replies":[{"embeddable":true,"href":"https:\/\/cancellariacanonica.pl\/blog\/wp-json\/wp\/v2\/comments?post=179"}],"version-history":[{"count":8,"href":"https:\/\/cancellariacanonica.pl\/blog\/wp-json\/wp\/v2\/posts\/179\/revisions"}],"predecessor-version":[{"id":405,"href":"https:\/\/cancellariacanonica.pl\/blog\/wp-json\/wp\/v2\/posts\/179\/revisions\/405"}],"wp:featuredmedia":[{"embeddable":true,"href":"https:\/\/cancellariacanonica.pl\/blog\/wp-json\/wp\/v2\/media\/189"}],"wp:attachment":[{"href":"https:\/\/cancellariacanonica.pl\/blog\/wp-json\/wp\/v2\/media?parent=179"}],"wp:term":[{"taxonomy":"category","embeddable":true,"href":"https:\/\/cancellariacanonica.pl\/blog\/wp-json\/wp\/v2\/categories?post=179"},{"taxonomy":"post_tag","embeddable":true,"href":"https:\/\/cancellariacanonica.pl\/blog\/wp-json\/wp\/v2\/tags?post=179"}],"curies":[{"name":"wp","href":"https:\/\/api.w.org\/{rel}","templated":true}]}}