{"id":196,"date":"2025-07-17T17:48:23","date_gmt":"2025-07-17T15:48:23","guid":{"rendered":"https:\/\/cancellariacanonica.pl\/blog\/?p=196"},"modified":"2025-08-06T12:45:40","modified_gmt":"2025-08-06T10:45:40","slug":"czy-wzorce-rodzinne-moga-byc-podstawa-do-rozwodu-koscielnego","status":"publish","type":"post","link":"https:\/\/cancellariacanonica.pl\/blog\/czy-wzorce-rodzinne-moga-byc-podstawa-do-rozwodu-koscielnego\/","title":{"rendered":"Przemoc w rodzinie a rozw\u00f3d ko\u015bcielny"},"content":{"rendered":"\n<p>Niejednokrotnie powodem rozpadu ma\u0142\u017ce\u0144stwa jest przemoc w rodzinie \u2013 zan\u0119canie si\u0119 najcz\u0119\u015bciej m\u0119\u017cczyzny (m\u0119\u017ca) nad kobiet\u0105 (\u017con\u0105). Czy, a je\u015bli tak, to w jaki spos\u00f3b przemoc w rodzinie ma wp\u0142yw na (nie)wa\u017cno\u015b\u0107 ma\u0142\u017ce\u0144stwa ko\u015bcielnego? Na to pytanie postaram si\u0119 odpowiedzie\u0107 w niniejszym artykule.<\/p>\n\n\n\n<div style=\"height:20px\" aria-hidden=\"true\" class=\"wp-block-spacer\"><\/div>\n\n\n\n<div style=\"height:20px\" aria-hidden=\"true\" class=\"wp-block-spacer\"><\/div>\n\n\n\n<h5 class=\"wp-block-heading\">Dwie p\u0142aszczyzny przemocy w rodzinie<\/h5>\n\n\n\n<p>Przemoc w rodzinie mo\u017cna rozwa\u017ca\u0107 na dw\u00f3ch p\u0142aszczyznach: 1) kiedy to strona procesowa, to jest m\u0105\u017c lub \u017cona \u2013 strona ma\u0142\u017ce\u0144stwa, w dzieci\u0144stwie by\u0142a ofiar\u0105 lub \u015bwiadkiem przemocy w rodzinie generacyjnej (biologicznej); 2) kiedy to strona procesowa, to jest m\u0105\u017c lub \u017cona \u2013 strona ma\u0142\u017ce\u0144stwa, jest ofiar\u0105 przemocy drugiej strony (najcz\u0119\u015bciej kobieta ofiar\u0105 m\u0119\u017cczyzny). Przy czym bez wi\u0119kszego znaczenia jest tu, czy przemoc ma charakter tylko psychiczny, czy tak\u017ce fizyczny. Zar\u00f3wno pierwszy, jak i drugi przypadek mo\u017ce powodowa\u0107 niewa\u017cno\u015b\u0107 ma\u0142\u017ce\u0144stwa, przy czym pierwszy zwykle prowadzi do drugiego (jest jego \u201eprzyczyn\u0105 psychiczn\u0105\u201d).<\/p>\n\n\n\n<div style=\"height:20px\" aria-hidden=\"true\" class=\"wp-block-spacer\"><\/div>\n\n\n\n<div style=\"height:20px\" aria-hidden=\"true\" class=\"wp-block-spacer\"><\/div>\n\n\n\n<h5 class=\"wp-block-heading\">Niedaleko pada jab\u0142ko od jab\u0142oni \u2013 jaki ojciec taki syn<\/h5>\n\n\n\n<p>Dlaczego przemoc w rodzinie generacyjnej (biologicznej) mo\u017ce powodowa\u0107 niewa\u017cno\u015b\u0107 ma\u0142\u017ce\u0144stwa? Co mo\u017ce ch\u0142opak za to, \u017ce ogl\u0105da\u0142 ja jego ojciec zn\u0119ca\u0142 si\u0119 nad matk\u0105? Niestety jest regu\u0142\u0105, od kt\u00f3rej istniej\u0105 jednak wyj\u0105tki, zgodnie z kt\u00f3r\u0105 je\u015bli ojciec bi\u0142 matk\u0119, to i syn b\u0119dzie robi\u0107 podobnie. Jest to uosobienie dw\u00f3ch polskich powiedze\u0144 \u2013 \u201ejaki ojciec, taki syn\u201d i \u201eniedaleko pada jab\u0142ko od jab\u0142oni\u201d. Oczywi\u015bcie od tej regu\u0142y istniej\u0105 wyj\u0105tki, jednak regu\u0142a nadal pozostaje regu\u0142\u0105. Dlaczego si\u0119 tak dzieje? Ot\u00f3\u017c, m\u0142ody ch\u0142opiec czerpie (anty)wz\u00f3r ma\u0142\u017ce\u0144stwa i ojcostwa od swego ojca (analogicznie dziewczynka od matki). I gdy widzi, \u017ce ojciec bije matk\u0119, to jest wysoce prawdopodobne (jest regu\u0142\u0105), \u017ce ten\u017ce ch\u0142opiec, gdy doro\u015bnie i si\u0119 o\u017ceni, tak\u017ce b\u0119dzie bi\u0107 swoj\u0105 \u017con\u0119.<\/p>\n\n\n\n<div style=\"height:20px\" aria-hidden=\"true\" class=\"wp-block-spacer\"><\/div>\n\n\n\n<div style=\"height:20px\" aria-hidden=\"true\" class=\"wp-block-spacer\"><\/div>\n\n\n\n<blockquote class=\"wp-block-quote is-layout-flow wp-block-quote-is-layout-flow\"><p>Oczywi\u015bcie, jak to ju\u017c wspomniano, nie chodzi wy\u0142\u0105cznie o przemoc fizyczn\u0105, ale tak\u017ce o psychiczn\u0105 \u2013 brak szacunku, poni\u017canie, lekcewa\u017cenie <em>et cetera<\/em>.<\/p><\/blockquote>\n\n\n\n<div style=\"height:20px\" aria-hidden=\"true\" class=\"wp-block-spacer\"><\/div>\n\n\n\n<div style=\"height:20px\" aria-hidden=\"true\" class=\"wp-block-spacer\"><\/div>\n\n\n\n<p>Samo to, \u017ce cz\u0142owiek wychowywa\u0142 si\u0119 w rodzinie przemocowej nie wystarcza do stwierdzenia niewa\u017cno\u015bci ma\u0142\u017ce\u0144stwa ko\u015bcielnego potocznie zwanego <a href=\"https:\/\/cancellariacanonica.pl\/blog\/rozwod-koscielny\/\">rozwodem<\/a> ko\u015bcielnym. Jest jednak solidn\u0105 podstaw\u0105 do uznania tej okoliczno\u015bci za \u201eprzyczyn\u0119 natury psychicznej\u201d. S\u0105 jednak, co ju\u017c kilkukrotnie podkre\u015blono, wyj\u0105tki od tej zasady \u2013 dziecko mo\u017ce przepracowa\u0107 (anty)wz\u00f3r wyniesiony z domu, na przyk\u0142ad poprzez psychoterapi\u0119, albo autorefleksj\u0119 i nie powiela\u0107 tego\u017c anty(wzoru) w swoim doros\u0142ym, ma\u0142\u017ce\u0144skim \u017cyciu.<\/p>\n\n\n\n<div style=\"height:20px\" aria-hidden=\"true\" class=\"wp-block-spacer\"><\/div>\n\n\n\n<div style=\"height:20px\" aria-hidden=\"true\" class=\"wp-block-spacer\"><\/div>\n\n\n\n<h5 class=\"wp-block-heading\">Tytu\u0142 prawny ewentualnej niewa\u017cno\u015bci ma\u0142\u017ce\u0144stwa ko\u015bcielnego<\/h5>\n\n\n\n<p>W przypadku ma\u0142\u017ce\u0144stwa przemocowego sprawy na og\u00f3\u0142 s\u0105 prowadzone z tytu\u0142u niezdolno\u015bci do podj\u0119cia istotnych obowi\u0105zk\u00f3w ma\u0142\u017ce\u0144skich z przyczyn natury psychicznej. Je\u015bli przemoc mia\u0142a miejsce w okresie dzieci\u0144stwa strony ma\u0142\u017ce\u0144stwa (strony procesowej), to mamy do czynienia z \u201eprzyczyn\u0105 natury psychicznej\u201d \u2013 jednak to za ma\u0142o. Nale\u017cy wskaza\u0107 jakich istotnych obowi\u0105zk\u00f3w ma\u0142\u017ce\u0144skich strona nie wype\u0142nia\u0142a. Je\u015bli za\u015b do przemocy dochodzi mi\u0119dzy stronami ma\u0142\u017ce\u0144stwa (stronami procesowymi), to mamy do czynienia z niewype\u0142nianiem istotnego obowi\u0105zku ma\u0142\u017ce\u0144skiego wynikaj\u0105cego z dobra ma\u0142\u017conk\u00f3w (<em>bonum coniugum<\/em>) \u2013 obowi\u0105zku budowania wsp\u00f3lnoty ca\u0142ego \u017cycia (<em>consortium totius vitae<\/em>). Je\u015bli do przemocy w ma\u0142\u017ce\u0144stwie dochodzi mimo tego, \u017ce oprawca nie pochodzi z rodziny przemocowej, to nale\u017cy szuka\u0107 innych przyczyn takiego jego zachowania. Profesjonalnie na t\u0119 przyczyn\u0119 wska\u017ce w procesie bieg\u0142y s\u0105dowy.<\/p>\n\n\n\n<div style=\"height:20px\" aria-hidden=\"true\" class=\"wp-block-spacer\"><\/div>\n\n\n\n<div style=\"height:20px\" aria-hidden=\"true\" class=\"wp-block-spacer\"><\/div>\n\n\n\n<h5 class=\"wp-block-heading\">Pomoc prawna w przypadku przemocy w ma\u0142\u017ce\u0144stwie<\/h5>\n\n\n\n<p>Je\u015bli jeste\u015b ofiar\u0105 przemocy psychicznej lub fizycznej, to jest mo\u017cliwe, \u017ce twoje ma\u0142\u017ce\u0144stwo ko\u015bcielne jest niewa\u017cne z tytu\u0142u <em>niezdolno\u015bci do podj\u0119cia istotnych obowi\u0105zk\u00f3w ma\u0142\u017ce\u0144skich z przyczyn natury psychicznej<\/em>. Je\u015bli szukasz pomocy prawnej w <a href=\"https:\/\/cancellariacanonica.pl\/blog\/zdrada-malzenska-jako-powod-stwierdzenia-niewaznosci-malzenstwa-koscielnego\/\">stwierdzeniu niewa\u017cno\u015bci swojego ma\u0142\u017ce\u0144stwa ko\u015bcielnego<\/a> (pot. rozw\u00f3d ko\u015bcielny), to zapraszam do kontaktu.<\/p>\n","protected":false},"excerpt":{"rendered":"<p>Niejednokrotnie powodem rozpadu ma\u0142\u017ce\u0144stwa jest przemoc w rodzinie \u2013 zan\u0119canie si\u0119 najcz\u0119\u015bciej m\u0119\u017cczyzny (m\u0119\u017ca) nad kobiet\u0105 (\u017con\u0105). Czy, a je\u015bli tak, to w jaki spos\u00f3b [&hellip;]<\/p>\n","protected":false},"author":1,"featured_media":204,"comment_status":"open","ping_status":"open","sticky":false,"template":"","format":"standard","meta":{"footnotes":""},"categories":[3],"tags":[],"class_list":["post-196","post","type-post","status-publish","format-standard","has-post-thumbnail","hentry","category-niezdolnosc"],"yoast_head":"<!-- This site is optimized with the Yoast SEO plugin v21.5 - https:\/\/yoast.com\/wordpress\/plugins\/seo\/ -->\n<title>Przemoc w rodzinie a rozw\u00f3d ko\u015bcielny - tzw. &quot;Rozw\u00f3d ko\u015bcielny&quot;<\/title>\n<meta name=\"robots\" content=\"index, follow, max-snippet:-1, max-image-preview:large, max-video-preview:-1\" \/>\n<link rel=\"canonical\" href=\"https:\/\/cancellariacanonica.pl\/blog\/czy-wzorce-rodzinne-moga-byc-podstawa-do-rozwodu-koscielnego\/\" \/>\n<meta property=\"og:locale\" content=\"pl_PL\" \/>\n<meta property=\"og:type\" content=\"article\" \/>\n<meta property=\"og:title\" content=\"Przemoc w rodzinie a rozw\u00f3d ko\u015bcielny - tzw. &quot;Rozw\u00f3d ko\u015bcielny&quot;\" \/>\n<meta property=\"og:description\" content=\"Niejednokrotnie powodem rozpadu ma\u0142\u017ce\u0144stwa jest przemoc w rodzinie \u2013 zan\u0119canie si\u0119 najcz\u0119\u015bciej m\u0119\u017cczyzny (m\u0119\u017ca) nad kobiet\u0105 (\u017con\u0105). Czy, a je\u015bli tak, to w jaki spos\u00f3b [&hellip;]\" \/>\n<meta property=\"og:url\" content=\"https:\/\/cancellariacanonica.pl\/blog\/czy-wzorce-rodzinne-moga-byc-podstawa-do-rozwodu-koscielnego\/\" \/>\n<meta property=\"og:site_name\" content=\"Kancelaria Kanoniczna\" \/>\n<meta property=\"article:published_time\" content=\"2025-07-17T15:48:23+00:00\" \/>\n<meta property=\"article:modified_time\" content=\"2025-08-06T10:45:40+00:00\" \/>\n<meta property=\"og:image\" content=\"https:\/\/cancellariacanonica.pl\/blog\/wp-content\/uploads\/2021\/11\/1.-Przemoc-w-rodzinie-a-rozwod-koscielny.jpg\" \/>\n\t<meta property=\"og:image:width\" content=\"1200\" \/>\n\t<meta property=\"og:image:height\" content=\"801\" \/>\n\t<meta property=\"og:image:type\" content=\"image\/jpeg\" \/>\n<meta name=\"author\" content=\"Can2020caN\" \/>\n<meta name=\"twitter:card\" content=\"summary_large_image\" \/>\n<meta name=\"twitter:label1\" content=\"Napisane przez\" \/>\n\t<meta name=\"twitter:data1\" content=\"Can2020caN\" \/>\n\t<meta name=\"twitter:label2\" content=\"Szacowany czas czytania\" \/>\n\t<meta name=\"twitter:data2\" content=\"3 minuty\" \/>\n<script type=\"application\/ld+json\" class=\"yoast-schema-graph\">{\"@context\":\"https:\/\/schema.org\",\"@graph\":[{\"@type\":\"WebPage\",\"@id\":\"https:\/\/cancellariacanonica.pl\/blog\/czy-wzorce-rodzinne-moga-byc-podstawa-do-rozwodu-koscielnego\/\",\"url\":\"https:\/\/cancellariacanonica.pl\/blog\/czy-wzorce-rodzinne-moga-byc-podstawa-do-rozwodu-koscielnego\/\",\"name\":\"Przemoc w rodzinie a rozw\u00f3d ko\u015bcielny - tzw. \\\"Rozw\u00f3d ko\u015bcielny\\\"\",\"isPartOf\":{\"@id\":\"https:\/\/cancellariacanonica.pl\/blog\/#website\"},\"datePublished\":\"2025-07-17T15:48:23+00:00\",\"dateModified\":\"2025-08-06T10:45:40+00:00\",\"author\":{\"@id\":\"https:\/\/cancellariacanonica.pl\/blog\/#\/schema\/person\/b4b1cfacfd692e313ee5974d31267993\"},\"breadcrumb\":{\"@id\":\"https:\/\/cancellariacanonica.pl\/blog\/czy-wzorce-rodzinne-moga-byc-podstawa-do-rozwodu-koscielnego\/#breadcrumb\"},\"inLanguage\":\"pl-PL\",\"potentialAction\":[{\"@type\":\"ReadAction\",\"target\":[\"https:\/\/cancellariacanonica.pl\/blog\/czy-wzorce-rodzinne-moga-byc-podstawa-do-rozwodu-koscielnego\/\"]}]},{\"@type\":\"BreadcrumbList\",\"@id\":\"https:\/\/cancellariacanonica.pl\/blog\/czy-wzorce-rodzinne-moga-byc-podstawa-do-rozwodu-koscielnego\/#breadcrumb\",\"itemListElement\":[{\"@type\":\"ListItem\",\"position\":1,\"name\":\"Home\",\"item\":\"https:\/\/cancellariacanonica.pl\/blog\/\"},{\"@type\":\"ListItem\",\"position\":2,\"name\":\"Przemoc w rodzinie a rozw\u00f3d ko\u015bcielny\"}]},{\"@type\":\"WebSite\",\"@id\":\"https:\/\/cancellariacanonica.pl\/blog\/#website\",\"url\":\"https:\/\/cancellariacanonica.pl\/blog\/\",\"name\":\"Kancelaria Kanoniczna - tzw. \\\"Rozw\u00f3d ko\u015bcielny\\\"\",\"description\":\"Adwokat Rozwodowy Ko\u015bcierzyna\",\"potentialAction\":[{\"@type\":\"SearchAction\",\"target\":{\"@type\":\"EntryPoint\",\"urlTemplate\":\"https:\/\/cancellariacanonica.pl\/blog\/?s={search_term_string}\"},\"query-input\":\"required name=search_term_string\"}],\"inLanguage\":\"pl-PL\"},{\"@type\":\"Person\",\"@id\":\"https:\/\/cancellariacanonica.pl\/blog\/#\/schema\/person\/b4b1cfacfd692e313ee5974d31267993\",\"name\":\"Can2020caN\",\"image\":{\"@type\":\"ImageObject\",\"inLanguage\":\"pl-PL\",\"@id\":\"https:\/\/cancellariacanonica.pl\/blog\/#\/schema\/person\/image\/\",\"url\":\"https:\/\/secure.gravatar.com\/avatar\/9f02a270e87b93adf2ae4bf0cad80582d35bc30763ed50796688240797b07a90?s=96&d=mm&r=g\",\"contentUrl\":\"https:\/\/secure.gravatar.com\/avatar\/9f02a270e87b93adf2ae4bf0cad80582d35bc30763ed50796688240797b07a90?s=96&d=mm&r=g\",\"caption\":\"Can2020caN\"},\"sameAs\":[\"https:\/\/cancellariacanonica.pl\/blog\"],\"url\":\"https:\/\/cancellariacanonica.pl\/blog\/author\/can2020can\/\"}]}<\/script>\n<!-- \/ Yoast SEO plugin. -->","yoast_head_json":{"title":"Przemoc w rodzinie a rozw\u00f3d ko\u015bcielny - tzw. \"Rozw\u00f3d ko\u015bcielny\"","robots":{"index":"index","follow":"follow","max-snippet":"max-snippet:-1","max-image-preview":"max-image-preview:large","max-video-preview":"max-video-preview:-1"},"canonical":"https:\/\/cancellariacanonica.pl\/blog\/czy-wzorce-rodzinne-moga-byc-podstawa-do-rozwodu-koscielnego\/","og_locale":"pl_PL","og_type":"article","og_title":"Przemoc w rodzinie a rozw\u00f3d ko\u015bcielny - tzw. \"Rozw\u00f3d ko\u015bcielny\"","og_description":"Niejednokrotnie powodem rozpadu ma\u0142\u017ce\u0144stwa jest przemoc w rodzinie \u2013 zan\u0119canie si\u0119 najcz\u0119\u015bciej m\u0119\u017cczyzny (m\u0119\u017ca) nad kobiet\u0105 (\u017con\u0105). Czy, a je\u015bli tak, to w jaki spos\u00f3b [&hellip;]","og_url":"https:\/\/cancellariacanonica.pl\/blog\/czy-wzorce-rodzinne-moga-byc-podstawa-do-rozwodu-koscielnego\/","og_site_name":"Kancelaria Kanoniczna","article_published_time":"2025-07-17T15:48:23+00:00","article_modified_time":"2025-08-06T10:45:40+00:00","og_image":[{"width":1200,"height":801,"url":"https:\/\/cancellariacanonica.pl\/blog\/wp-content\/uploads\/2021\/11\/1.-Przemoc-w-rodzinie-a-rozwod-koscielny.jpg","type":"image\/jpeg"}],"author":"Can2020caN","twitter_card":"summary_large_image","twitter_misc":{"Napisane przez":"Can2020caN","Szacowany czas czytania":"3 minuty"},"schema":{"@context":"https:\/\/schema.org","@graph":[{"@type":"WebPage","@id":"https:\/\/cancellariacanonica.pl\/blog\/czy-wzorce-rodzinne-moga-byc-podstawa-do-rozwodu-koscielnego\/","url":"https:\/\/cancellariacanonica.pl\/blog\/czy-wzorce-rodzinne-moga-byc-podstawa-do-rozwodu-koscielnego\/","name":"Przemoc w rodzinie a rozw\u00f3d ko\u015bcielny - tzw. \"Rozw\u00f3d ko\u015bcielny\"","isPartOf":{"@id":"https:\/\/cancellariacanonica.pl\/blog\/#website"},"datePublished":"2025-07-17T15:48:23+00:00","dateModified":"2025-08-06T10:45:40+00:00","author":{"@id":"https:\/\/cancellariacanonica.pl\/blog\/#\/schema\/person\/b4b1cfacfd692e313ee5974d31267993"},"breadcrumb":{"@id":"https:\/\/cancellariacanonica.pl\/blog\/czy-wzorce-rodzinne-moga-byc-podstawa-do-rozwodu-koscielnego\/#breadcrumb"},"inLanguage":"pl-PL","potentialAction":[{"@type":"ReadAction","target":["https:\/\/cancellariacanonica.pl\/blog\/czy-wzorce-rodzinne-moga-byc-podstawa-do-rozwodu-koscielnego\/"]}]},{"@type":"BreadcrumbList","@id":"https:\/\/cancellariacanonica.pl\/blog\/czy-wzorce-rodzinne-moga-byc-podstawa-do-rozwodu-koscielnego\/#breadcrumb","itemListElement":[{"@type":"ListItem","position":1,"name":"Home","item":"https:\/\/cancellariacanonica.pl\/blog\/"},{"@type":"ListItem","position":2,"name":"Przemoc w rodzinie a rozw\u00f3d ko\u015bcielny"}]},{"@type":"WebSite","@id":"https:\/\/cancellariacanonica.pl\/blog\/#website","url":"https:\/\/cancellariacanonica.pl\/blog\/","name":"Kancelaria Kanoniczna - tzw. \"Rozw\u00f3d ko\u015bcielny\"","description":"Adwokat Rozwodowy Ko\u015bcierzyna","potentialAction":[{"@type":"SearchAction","target":{"@type":"EntryPoint","urlTemplate":"https:\/\/cancellariacanonica.pl\/blog\/?s={search_term_string}"},"query-input":"required name=search_term_string"}],"inLanguage":"pl-PL"},{"@type":"Person","@id":"https:\/\/cancellariacanonica.pl\/blog\/#\/schema\/person\/b4b1cfacfd692e313ee5974d31267993","name":"Can2020caN","image":{"@type":"ImageObject","inLanguage":"pl-PL","@id":"https:\/\/cancellariacanonica.pl\/blog\/#\/schema\/person\/image\/","url":"https:\/\/secure.gravatar.com\/avatar\/9f02a270e87b93adf2ae4bf0cad80582d35bc30763ed50796688240797b07a90?s=96&d=mm&r=g","contentUrl":"https:\/\/secure.gravatar.com\/avatar\/9f02a270e87b93adf2ae4bf0cad80582d35bc30763ed50796688240797b07a90?s=96&d=mm&r=g","caption":"Can2020caN"},"sameAs":["https:\/\/cancellariacanonica.pl\/blog"],"url":"https:\/\/cancellariacanonica.pl\/blog\/author\/can2020can\/"}]}},"_links":{"self":[{"href":"https:\/\/cancellariacanonica.pl\/blog\/wp-json\/wp\/v2\/posts\/196","targetHints":{"allow":["GET"]}}],"collection":[{"href":"https:\/\/cancellariacanonica.pl\/blog\/wp-json\/wp\/v2\/posts"}],"about":[{"href":"https:\/\/cancellariacanonica.pl\/blog\/wp-json\/wp\/v2\/types\/post"}],"author":[{"embeddable":true,"href":"https:\/\/cancellariacanonica.pl\/blog\/wp-json\/wp\/v2\/users\/1"}],"replies":[{"embeddable":true,"href":"https:\/\/cancellariacanonica.pl\/blog\/wp-json\/wp\/v2\/comments?post=196"}],"version-history":[{"count":9,"href":"https:\/\/cancellariacanonica.pl\/blog\/wp-json\/wp\/v2\/posts\/196\/revisions"}],"predecessor-version":[{"id":389,"href":"https:\/\/cancellariacanonica.pl\/blog\/wp-json\/wp\/v2\/posts\/196\/revisions\/389"}],"wp:featuredmedia":[{"embeddable":true,"href":"https:\/\/cancellariacanonica.pl\/blog\/wp-json\/wp\/v2\/media\/204"}],"wp:attachment":[{"href":"https:\/\/cancellariacanonica.pl\/blog\/wp-json\/wp\/v2\/media?parent=196"}],"wp:term":[{"taxonomy":"category","embeddable":true,"href":"https:\/\/cancellariacanonica.pl\/blog\/wp-json\/wp\/v2\/categories?post=196"},{"taxonomy":"post_tag","embeddable":true,"href":"https:\/\/cancellariacanonica.pl\/blog\/wp-json\/wp\/v2\/tags?post=196"}],"curies":[{"name":"wp","href":"https:\/\/api.w.org\/{rel}","templated":true}]}}