{"id":92,"date":"2025-07-09T17:19:00","date_gmt":"2025-07-09T15:19:00","guid":{"rendered":"https:\/\/cancellariacanonica.pl\/blog\/?p=92"},"modified":"2025-08-06T12:48:03","modified_gmt":"2025-08-06T10:48:03","slug":"jedna-czy-dwie-instancje","status":"publish","type":"post","link":"https:\/\/cancellariacanonica.pl\/blog\/jedna-czy-dwie-instancje\/","title":{"rendered":"Jedna czy dwie instancje"},"content":{"rendered":"\n<p>Czy post\u0119powanie zmierzaj\u0105ce do stwierdzenia niewa\u017cno\u015bci ma\u0142\u017ce\u0144stwa ko\u015bcielnego jest jedno- czy dwu- instancyjne? Na to pytanie trudno jednoznacznie odpowiedzie\u0107 \u2013 wszystko zale\u017cy bowiem od okoliczno\u015bci sprawy. Dodatkowo spraw\u0119 komplikuje fakt, \u017ce w procesie ma\u0142\u017ce\u0144skim nie ma \u201elimitu\u201d instancji, to jest, \u017ce sprawa mo\u017ce by\u0107 rozpatrywana w trzeciej, czwartej i dalszych instancjach.<\/p>\n\n\n\n<div style=\"height:20px\" aria-hidden=\"true\" class=\"wp-block-spacer\"><\/div>\n\n\n\n<div style=\"height:20px\" aria-hidden=\"true\" class=\"wp-block-spacer\"><\/div>\n\n\n\n<h5 class=\"wp-block-heading\"><strong>Reforma Franciszka dokonana w 2015 r.<\/strong><\/h5>\n\n\n\n<p>W 2015 r. papie\u017c Franciszek dokumentem motu proprio <em>Mitis Iudex<\/em> dokona\u0142 reformy prawa ma\u0142\u017ce\u0144skiego procesowego. Na mocy tej reformy wyrok zapad\u0142y w I instancji, po up\u0142ywie termin\u00f3w przewidzianych na wniesienie apelacji, staje si\u0119 wyrokiem prawomocnym i wykonalnym. Przed reform\u0105 do <a href=\"https:\/\/cancellariacanonica.pl\/blog\/zdrada-malzenska-jako-powod-stwierdzenia-niewaznosci-malzenstwa-koscielnego\/\">stwierdzenia niewa\u017cno\u015bci ma\u0142\u017ce\u0144stwa<\/a> by\u0142o konieczne uzyskanie dw\u00f3ch zgodnych wyrok\u00f3w pro nullitate, czyli przemawiaj\u0105cych za niewa\u017cno\u015bci\u0105 zwi\u0105zku ma\u0142\u017ce\u0144skiego. Wydanie wyroku afirmatywnego, czyli stwierdzaj\u0105cego niewa\u017cno\u015b\u0107, przez S\u0105d I instancji by\u0142o niewystarczaj\u0105ce i wi\u0105za\u0142o si\u0119 z obligatoryjn\u0105 apelacj\u0105. Dopiero, gdy S\u0105d II instancji zatwierdzi\u0142 wyrok I instancji, wyrok ten stawa\u0142 si\u0119 po up\u0142ywie termin\u00f3w na ewentualne kolejne apelacje, prawomocny i wykonalny.&nbsp;<\/p>\n\n\n\n<div style=\"height:20px\" aria-hidden=\"true\" class=\"wp-block-spacer\"><\/div>\n\n\n\n<div style=\"height:20px\" aria-hidden=\"true\" class=\"wp-block-spacer\"><\/div>\n\n\n\n<h5 class=\"wp-block-heading\"><strong>Aktualny stan prawny<\/strong><\/h5>\n\n\n\n<div style=\"height:20px\" aria-hidden=\"true\" class=\"wp-block-spacer\"><\/div>\n\n\n\n<div style=\"height:20px\" aria-hidden=\"true\" class=\"wp-block-spacer\"><\/div>\n\n\n\n<blockquote class=\"wp-block-quote is-layout-flow wp-block-quote-is-layout-flow\"><p>Aktualnie wyrok S\u0105du I instancji jest prawomocny, a po up\u0142ywie termin\u00f3w przewidzianych na apelacj\u0119 tak\u017ce wykonalny. Gdyby jednak strona czu\u0142a si\u0119 wyrokiem w jakim\u015b zakresie pokrzywdzona, ma prawo wnie\u015b\u0107 do S\u0105du II instancji apelacj\u0119. Nie ma ona jednak ju\u017c charakteru obligatoryjnego, a jedynie fakultatywny.<\/p><\/blockquote>\n\n\n\n<div style=\"height:20px\" aria-hidden=\"true\" class=\"wp-block-spacer\"><\/div>\n\n\n\n<div style=\"height:20px\" aria-hidden=\"true\" class=\"wp-block-spacer\"><\/div>\n\n\n\n<h5 class=\"wp-block-heading\"><strong>Gdzie apelowa\u0107?<\/strong><\/h5>\n\n\n\n<p>W wyroku zawsze powinna znajdowa\u0107 si\u0119 informacja do jakiego s\u0105du i w jakim terminie przys\u0142uguje stronie czuj\u0105cej si\u0119 pokrzywdzon\u0105 wyrokiem, apelacja. Z S\u0105du diecezjalnego apelacja przys\u0142uguje do S\u0105du metropolitalnego. Z S\u0105du metropolitalnego przys\u0142uguje apelacja do S\u0105du na sta\u0142e wyznaczonego przez Stolic\u0119 Apostolsk\u0105 do rozpoznawania spraw tego\u017c S\u0105du w II instancji. Zawsze przys\u0142uguje stronie prawo apelacji do Trybuna\u0142u Roty Rzymskiej. Powy\u017csze zasady dotycz\u0105 apelowania z S\u0105du I instancji do II instancji. W przypadku apelacji od wyroku S\u0105du II instancji do S\u0105du III i kolejnych instancji nale\u017cy apelowa\u0107 do Trybuna\u0142u Roty Rzymskiej \u2013 jedynego w\u0142a\u015bciwego S\u0105du do rozpoznawania spraw w III i kolejnych instancjach.<\/p>\n","protected":false},"excerpt":{"rendered":"<p>Czy post\u0119powanie zmierzaj\u0105ce do stwierdzenia niewa\u017cno\u015bci ma\u0142\u017ce\u0144stwa ko\u015bcielnego jest jedno- czy dwu- instancyjne? Na to pytanie trudno jednoznacznie odpowiedzie\u0107 \u2013 wszystko zale\u017cy bowiem od okoliczno\u015bci [&hellip;]<\/p>\n","protected":false},"author":1,"featured_media":93,"comment_status":"open","ping_status":"open","sticky":false,"template":"","format":"standard","meta":{"footnotes":""},"categories":[12],"tags":[],"class_list":["post-92","post","type-post","status-publish","format-standard","has-post-thumbnail","hentry","category-ile-trwa-proces"],"yoast_head":"<!-- This site is optimized with the Yoast SEO plugin v21.5 - https:\/\/yoast.com\/wordpress\/plugins\/seo\/ -->\n<title>Jedna czy dwie instancje - tzw. &quot;Rozw\u00f3d ko\u015bcielny&quot;<\/title>\n<meta name=\"robots\" content=\"index, follow, max-snippet:-1, max-image-preview:large, max-video-preview:-1\" \/>\n<link rel=\"canonical\" href=\"https:\/\/cancellariacanonica.pl\/blog\/jedna-czy-dwie-instancje\/\" \/>\n<meta property=\"og:locale\" content=\"pl_PL\" \/>\n<meta property=\"og:type\" content=\"article\" \/>\n<meta property=\"og:title\" content=\"Jedna czy dwie instancje - tzw. &quot;Rozw\u00f3d ko\u015bcielny&quot;\" \/>\n<meta property=\"og:description\" content=\"Czy post\u0119powanie zmierzaj\u0105ce do stwierdzenia niewa\u017cno\u015bci ma\u0142\u017ce\u0144stwa ko\u015bcielnego jest jedno- czy dwu- instancyjne? Na to pytanie trudno jednoznacznie odpowiedzie\u0107 \u2013 wszystko zale\u017cy bowiem od okoliczno\u015bci [&hellip;]\" \/>\n<meta property=\"og:url\" content=\"https:\/\/cancellariacanonica.pl\/blog\/jedna-czy-dwie-instancje\/\" \/>\n<meta property=\"og:site_name\" content=\"Kancelaria Kanoniczna\" \/>\n<meta property=\"article:published_time\" content=\"2025-07-09T15:19:00+00:00\" \/>\n<meta property=\"article:modified_time\" content=\"2025-08-06T10:48:03+00:00\" \/>\n<meta property=\"og:image\" content=\"https:\/\/cancellariacanonica.pl\/blog\/wp-content\/uploads\/2021\/07\/Depositphotos_194734480_s-2019.jpg\" \/>\n\t<meta property=\"og:image:width\" content=\"1000\" \/>\n\t<meta property=\"og:image:height\" content=\"667\" \/>\n\t<meta property=\"og:image:type\" content=\"image\/jpeg\" \/>\n<meta name=\"author\" content=\"Can2020caN\" \/>\n<meta name=\"twitter:card\" content=\"summary_large_image\" \/>\n<meta name=\"twitter:label1\" content=\"Napisane przez\" \/>\n\t<meta name=\"twitter:data1\" content=\"Can2020caN\" \/>\n\t<meta name=\"twitter:label2\" content=\"Szacowany czas czytania\" \/>\n\t<meta name=\"twitter:data2\" content=\"2 minuty\" \/>\n<script type=\"application\/ld+json\" class=\"yoast-schema-graph\">{\"@context\":\"https:\/\/schema.org\",\"@graph\":[{\"@type\":\"WebPage\",\"@id\":\"https:\/\/cancellariacanonica.pl\/blog\/jedna-czy-dwie-instancje\/\",\"url\":\"https:\/\/cancellariacanonica.pl\/blog\/jedna-czy-dwie-instancje\/\",\"name\":\"Jedna czy dwie instancje - tzw. \\\"Rozw\u00f3d ko\u015bcielny\\\"\",\"isPartOf\":{\"@id\":\"https:\/\/cancellariacanonica.pl\/blog\/#website\"},\"datePublished\":\"2025-07-09T15:19:00+00:00\",\"dateModified\":\"2025-08-06T10:48:03+00:00\",\"author\":{\"@id\":\"https:\/\/cancellariacanonica.pl\/blog\/#\/schema\/person\/b4b1cfacfd692e313ee5974d31267993\"},\"breadcrumb\":{\"@id\":\"https:\/\/cancellariacanonica.pl\/blog\/jedna-czy-dwie-instancje\/#breadcrumb\"},\"inLanguage\":\"pl-PL\",\"potentialAction\":[{\"@type\":\"ReadAction\",\"target\":[\"https:\/\/cancellariacanonica.pl\/blog\/jedna-czy-dwie-instancje\/\"]}]},{\"@type\":\"BreadcrumbList\",\"@id\":\"https:\/\/cancellariacanonica.pl\/blog\/jedna-czy-dwie-instancje\/#breadcrumb\",\"itemListElement\":[{\"@type\":\"ListItem\",\"position\":1,\"name\":\"Home\",\"item\":\"https:\/\/cancellariacanonica.pl\/blog\/\"},{\"@type\":\"ListItem\",\"position\":2,\"name\":\"Jedna czy dwie instancje\"}]},{\"@type\":\"WebSite\",\"@id\":\"https:\/\/cancellariacanonica.pl\/blog\/#website\",\"url\":\"https:\/\/cancellariacanonica.pl\/blog\/\",\"name\":\"Kancelaria Kanoniczna - tzw. \\\"Rozw\u00f3d ko\u015bcielny\\\"\",\"description\":\"Adwokat Rozwodowy Ko\u015bcierzyna\",\"potentialAction\":[{\"@type\":\"SearchAction\",\"target\":{\"@type\":\"EntryPoint\",\"urlTemplate\":\"https:\/\/cancellariacanonica.pl\/blog\/?s={search_term_string}\"},\"query-input\":\"required name=search_term_string\"}],\"inLanguage\":\"pl-PL\"},{\"@type\":\"Person\",\"@id\":\"https:\/\/cancellariacanonica.pl\/blog\/#\/schema\/person\/b4b1cfacfd692e313ee5974d31267993\",\"name\":\"Can2020caN\",\"image\":{\"@type\":\"ImageObject\",\"inLanguage\":\"pl-PL\",\"@id\":\"https:\/\/cancellariacanonica.pl\/blog\/#\/schema\/person\/image\/\",\"url\":\"https:\/\/secure.gravatar.com\/avatar\/9f02a270e87b93adf2ae4bf0cad80582d35bc30763ed50796688240797b07a90?s=96&d=mm&r=g\",\"contentUrl\":\"https:\/\/secure.gravatar.com\/avatar\/9f02a270e87b93adf2ae4bf0cad80582d35bc30763ed50796688240797b07a90?s=96&d=mm&r=g\",\"caption\":\"Can2020caN\"},\"sameAs\":[\"https:\/\/cancellariacanonica.pl\/blog\"],\"url\":\"https:\/\/cancellariacanonica.pl\/blog\/author\/can2020can\/\"}]}<\/script>\n<!-- \/ Yoast SEO plugin. -->","yoast_head_json":{"title":"Jedna czy dwie instancje - tzw. \"Rozw\u00f3d ko\u015bcielny\"","robots":{"index":"index","follow":"follow","max-snippet":"max-snippet:-1","max-image-preview":"max-image-preview:large","max-video-preview":"max-video-preview:-1"},"canonical":"https:\/\/cancellariacanonica.pl\/blog\/jedna-czy-dwie-instancje\/","og_locale":"pl_PL","og_type":"article","og_title":"Jedna czy dwie instancje - tzw. \"Rozw\u00f3d ko\u015bcielny\"","og_description":"Czy post\u0119powanie zmierzaj\u0105ce do stwierdzenia niewa\u017cno\u015bci ma\u0142\u017ce\u0144stwa ko\u015bcielnego jest jedno- czy dwu- instancyjne? Na to pytanie trudno jednoznacznie odpowiedzie\u0107 \u2013 wszystko zale\u017cy bowiem od okoliczno\u015bci [&hellip;]","og_url":"https:\/\/cancellariacanonica.pl\/blog\/jedna-czy-dwie-instancje\/","og_site_name":"Kancelaria Kanoniczna","article_published_time":"2025-07-09T15:19:00+00:00","article_modified_time":"2025-08-06T10:48:03+00:00","og_image":[{"width":1000,"height":667,"url":"https:\/\/cancellariacanonica.pl\/blog\/wp-content\/uploads\/2021\/07\/Depositphotos_194734480_s-2019.jpg","type":"image\/jpeg"}],"author":"Can2020caN","twitter_card":"summary_large_image","twitter_misc":{"Napisane przez":"Can2020caN","Szacowany czas czytania":"2 minuty"},"schema":{"@context":"https:\/\/schema.org","@graph":[{"@type":"WebPage","@id":"https:\/\/cancellariacanonica.pl\/blog\/jedna-czy-dwie-instancje\/","url":"https:\/\/cancellariacanonica.pl\/blog\/jedna-czy-dwie-instancje\/","name":"Jedna czy dwie instancje - tzw. \"Rozw\u00f3d ko\u015bcielny\"","isPartOf":{"@id":"https:\/\/cancellariacanonica.pl\/blog\/#website"},"datePublished":"2025-07-09T15:19:00+00:00","dateModified":"2025-08-06T10:48:03+00:00","author":{"@id":"https:\/\/cancellariacanonica.pl\/blog\/#\/schema\/person\/b4b1cfacfd692e313ee5974d31267993"},"breadcrumb":{"@id":"https:\/\/cancellariacanonica.pl\/blog\/jedna-czy-dwie-instancje\/#breadcrumb"},"inLanguage":"pl-PL","potentialAction":[{"@type":"ReadAction","target":["https:\/\/cancellariacanonica.pl\/blog\/jedna-czy-dwie-instancje\/"]}]},{"@type":"BreadcrumbList","@id":"https:\/\/cancellariacanonica.pl\/blog\/jedna-czy-dwie-instancje\/#breadcrumb","itemListElement":[{"@type":"ListItem","position":1,"name":"Home","item":"https:\/\/cancellariacanonica.pl\/blog\/"},{"@type":"ListItem","position":2,"name":"Jedna czy dwie instancje"}]},{"@type":"WebSite","@id":"https:\/\/cancellariacanonica.pl\/blog\/#website","url":"https:\/\/cancellariacanonica.pl\/blog\/","name":"Kancelaria Kanoniczna - tzw. \"Rozw\u00f3d ko\u015bcielny\"","description":"Adwokat Rozwodowy Ko\u015bcierzyna","potentialAction":[{"@type":"SearchAction","target":{"@type":"EntryPoint","urlTemplate":"https:\/\/cancellariacanonica.pl\/blog\/?s={search_term_string}"},"query-input":"required name=search_term_string"}],"inLanguage":"pl-PL"},{"@type":"Person","@id":"https:\/\/cancellariacanonica.pl\/blog\/#\/schema\/person\/b4b1cfacfd692e313ee5974d31267993","name":"Can2020caN","image":{"@type":"ImageObject","inLanguage":"pl-PL","@id":"https:\/\/cancellariacanonica.pl\/blog\/#\/schema\/person\/image\/","url":"https:\/\/secure.gravatar.com\/avatar\/9f02a270e87b93adf2ae4bf0cad80582d35bc30763ed50796688240797b07a90?s=96&d=mm&r=g","contentUrl":"https:\/\/secure.gravatar.com\/avatar\/9f02a270e87b93adf2ae4bf0cad80582d35bc30763ed50796688240797b07a90?s=96&d=mm&r=g","caption":"Can2020caN"},"sameAs":["https:\/\/cancellariacanonica.pl\/blog"],"url":"https:\/\/cancellariacanonica.pl\/blog\/author\/can2020can\/"}]}},"_links":{"self":[{"href":"https:\/\/cancellariacanonica.pl\/blog\/wp-json\/wp\/v2\/posts\/92","targetHints":{"allow":["GET"]}}],"collection":[{"href":"https:\/\/cancellariacanonica.pl\/blog\/wp-json\/wp\/v2\/posts"}],"about":[{"href":"https:\/\/cancellariacanonica.pl\/blog\/wp-json\/wp\/v2\/types\/post"}],"author":[{"embeddable":true,"href":"https:\/\/cancellariacanonica.pl\/blog\/wp-json\/wp\/v2\/users\/1"}],"replies":[{"embeddable":true,"href":"https:\/\/cancellariacanonica.pl\/blog\/wp-json\/wp\/v2\/comments?post=92"}],"version-history":[{"count":9,"href":"https:\/\/cancellariacanonica.pl\/blog\/wp-json\/wp\/v2\/posts\/92\/revisions"}],"predecessor-version":[{"id":409,"href":"https:\/\/cancellariacanonica.pl\/blog\/wp-json\/wp\/v2\/posts\/92\/revisions\/409"}],"wp:featuredmedia":[{"embeddable":true,"href":"https:\/\/cancellariacanonica.pl\/blog\/wp-json\/wp\/v2\/media\/93"}],"wp:attachment":[{"href":"https:\/\/cancellariacanonica.pl\/blog\/wp-json\/wp\/v2\/media?parent=92"}],"wp:term":[{"taxonomy":"category","embeddable":true,"href":"https:\/\/cancellariacanonica.pl\/blog\/wp-json\/wp\/v2\/categories?post=92"},{"taxonomy":"post_tag","embeddable":true,"href":"https:\/\/cancellariacanonica.pl\/blog\/wp-json\/wp\/v2\/tags?post=92"}],"curies":[{"name":"wp","href":"https:\/\/api.w.org\/{rel}","templated":true}]}}